{"id":20968,"date":"2026-07-02T11:00:32","date_gmt":"2026-07-02T09:00:32","guid":{"rendered":"https:\/\/www.unesco.it\/?p=20968"},"modified":"2026-07-02T11:13:35","modified_gmt":"2026-07-02T09:13:35","slug":"leggere-i-siti-unesco-al-centro-dellincontro-tra-cepell-e-delegazione-cinese-torino-26-giugno","status":"publish","type":"post","link":"https:\/\/www.unesco.it\/it\/news\/leggere-i-siti-unesco-al-centro-dellincontro-tra-cepell-e-delegazione-cinese-torino-26-giugno\/","title":{"rendered":"Leggere i siti UNESCO al centro dell&#8217;incontro tra CEPELL e delegazione cinese &#8211; Torino, 26 giugno"},"content":{"rendered":"<p style=\"text-align: justify;\">L&#8217;iniziativa <a href=\"https:\/\/leggereisitiunesco.it\/it\/\">Leggere i siti del patrimonio UNESCO in Italia<\/a>, nata da un&#8217;idea della Commissione Nazionale Italiana per l&#8217;UNESCO e realizzato dal <a href=\"https:\/\/cepell.it\/\">Centro per il libro e la lettura<\/a> con il sostegno del Ministero della Cultura, \u00e8 stata al centro di un proficuo incontro svoltasi lo scorso 26 giugno a Torino tra il Centro per il libro e la lettura e una delegazione cinese\u00a0 sulla promozione congiunta del patrimonio culturale in Italia e in Cina.<\/p>\n<p style=\"text-align: justify;\"><a href=\"https:\/\/www.unesco.it\/it\/temi-in-evidenza\/cultura\/leggere-i-siti-unesco-libro-e-sito-web-sui-rapporti-tra-i-siti-unesco-in-italia-e-la-letteratura\/\">Il progetto<\/a>, che comprende un volume scaricabile gratuitamente online in sei lingue (italiano, inglese, francese, spagnolo, tedesco e cinese) corredato da un sito web accessibile liberamente con video, podcast e attivit\u00e0 multimediali, <strong>intende onorare l&#8217;universalit\u00e0 dei siti del <a href=\"https:\/\/www.unesco.it\/it\/iniziative-dellunesco\/patrimonio-mondiale\/\">Patrimonio Mondiale<\/a> in Italia<\/strong> attraverso dei <strong>percorsi di lettura<\/strong> che spaziano dall&#8217;antichit\u00e0 al presente, testimoniando cos\u00ec il valore che questi luoghi hanno rivestito per scrittori, viaggiatori, memorialisti e poeti di ogni et\u00e0 e di ogni luogo.<\/p>\n<p style=\"text-align: justify;\">Grazie alla traduzione cinese, <a href=\"https:\/\/cepell.it\/leggere-i-siti-unesco-tradotto-in-cinese-la-delegazione-dello-shanxi-al-centro-per-il-libro-e-la-lettura\/\">l&#8217;opera \u00e8 stata al centro delle discussioni<\/a> svoltesi tra i rappresentanti del Centro per il libro e la lettura e la delegazione cinese della regione dello Shanxi, guidata dalla capo delegazione Ren Caihong e accompagnata dal presidente dell\u2019<a href=\"https:\/\/www.angitalia.org\/site\/it\/\">ANGI\u00a0(Associazione Nuova Generazione italo-cinese)<\/a>\u00a0Chen Ming. Il volume ha favorito il dibattito in merito alla <strong>salvaguardia e alla valorizzazione del patrimonio culturale protetto dall&#8217;UNESCO<\/strong>, un argomento di particolare importanza per l&#8217;Italia e per la Cina, Paesi che detengono rispettivamente il primo e il secondo posto per il numero di siti iscritti alla Lista del Patrimonio Mondiale. Si \u00e8 in questo modo valorizzato il dialogo interculturale, realizzando cos\u00ec uno degli obiettivi per cui il Patrimonio Mondiale \u00e8 stato istituito: favorire la pace e la comunicazione tra i popoli attraverso la condivisione delle loro differenti culture.<\/p>\n<p style=\"text-align: justify;\">\n","protected":false},"excerpt":{"rendered":"<p>L&#8217;iniziativa Leggere i siti del patrimonio UNESCO in Italia, nata da un&#8217;idea della Commissione Nazionale Italiana per l&#8217;UNESCO e realizzato dal Centro per il libro e la lettura con il sostegno del Ministero della Cultura, \u00e8 stata al centro di un proficuo incontro svoltasi lo scorso 26 giugno a Torino tra il Centro per il [&hellip;]<\/p>\n","protected":false},"author":8,"featured_media":20969,"comment_status":"closed","ping_status":"closed","sticky":false,"template":"","format":"standard","meta":{"footnotes":""},"categories":[1],"tags":[],"class_list":["post-20968","post","type-post","status-publish","format-standard","has-post-thumbnail","hentry","category-non-categorizzato"],"yoast_head":"<!-- This site is optimized with the Yoast SEO plugin v28.4 - https:\/\/yoast.com\/product\/yoast-seo-wordpress\/ -->\n<title>Leggere i siti UNESCO al centro dell&#039;incontro tra CEPELL e delegazione cinese - Torino, 26 giugno - Unesco Commissione Nazionale Italiana per l&#039;Unesco<\/title>\n<meta name=\"robots\" content=\"index, follow, max-snippet:-1, max-image-preview:large, max-video-preview:-1\" \/>\n<link rel=\"canonical\" href=\"https:\/\/www.unesco.it\/it\/news\/leggere-i-siti-unesco-al-centro-dellincontro-tra-cepell-e-delegazione-cinese-torino-26-giugno\/\" \/>\n<meta property=\"og:locale\" content=\"it_IT\" \/>\n<meta property=\"og:type\" content=\"article\" \/>\n<meta property=\"og:title\" content=\"Leggere i siti UNESCO al centro dell&#039;incontro tra CEPELL e delegazione cinese - Torino, 26 giugno - Unesco Commissione Nazionale Italiana per l&#039;Unesco\" \/>\n<meta property=\"og:description\" content=\"L&#8217;iniziativa Leggere i siti del patrimonio UNESCO in Italia, nata da un&#8217;idea della Commissione Nazionale Italiana per l&#8217;UNESCO e realizzato dal Centro per il libro e la lettura con il sostegno del Ministero della Cultura, \u00e8 stata al centro di un proficuo incontro svoltasi lo scorso 26 giugno a Torino tra il Centro per il [&hellip;]\" \/>\n<meta property=\"og:url\" content=\"https:\/\/www.unesco.it\/it\/news\/leggere-i-siti-unesco-al-centro-dellincontro-tra-cepell-e-delegazione-cinese-torino-26-giugno\/\" \/>\n<meta property=\"og:site_name\" content=\"Unesco Commissione Nazionale Italiana per l&#039;Unesco\" \/>\n<meta property=\"article:publisher\" content=\"https:\/\/www.facebook.com\/CNIUnesco\/\" \/>\n<meta property=\"article:published_time\" content=\"2026-07-02T09:00:32+00:00\" \/>\n<meta property=\"article:modified_time\" content=\"2026-07-02T09:13:35+00:00\" \/>\n<meta property=\"og:image\" content=\"https:\/\/www.unesco.it\/wp-content\/uploads\/2026\/07\/News_Cepell.jpeg\" \/>\n\t<meta property=\"og:image:width\" content=\"1920\" \/>\n\t<meta property=\"og:image:height\" content=\"1440\" \/>\n\t<meta property=\"og:image:type\" content=\"image\/jpeg\" \/>\n<meta name=\"author\" content=\"Alessandro Giardini\" \/>\n<meta name=\"twitter:card\" content=\"summary_large_image\" \/>\n<meta name=\"twitter:creator\" content=\"@cni_unesco\" \/>\n<meta name=\"twitter:site\" content=\"@cni_unesco\" \/>\n<meta name=\"twitter:label1\" content=\"Scritto da\" \/>\n\t<meta name=\"twitter:data1\" content=\"Alessandro Giardini\" \/>\n\t<meta name=\"twitter:label2\" content=\"Tempo di lettura stimato\" \/>\n\t<meta name=\"twitter:data2\" content=\"2 minuti\" \/>\n<script type=\"application\/ld+json\" class=\"yoast-schema-graph\">{\"@context\":\"https:\\\/\\\/schema.org\",\"@graph\":[{\"@type\":\"Article\",\"@id\":\"https:\\\/\\\/www.unesco.it\\\/it\\\/news\\\/leggere-i-siti-unesco-al-centro-dellincontro-tra-cepell-e-delegazione-cinese-torino-26-giugno\\\/#article\",\"isPartOf\":{\"@id\":\"https:\\\/\\\/www.unesco.it\\\/it\\\/news\\\/leggere-i-siti-unesco-al-centro-dellincontro-tra-cepell-e-delegazione-cinese-torino-26-giugno\\\/\"},\"author\":{\"name\":\"Alessandro Giardini\",\"@id\":\"https:\\\/\\\/www.unesco.it\\\/it\\\/#\\\/schema\\\/person\\\/f785eeccb6e6c7bf00aa7f99441b8e32\"},\"headline\":\"Leggere i siti UNESCO al centro dell&#8217;incontro tra CEPELL e delegazione cinese &#8211; Torino, 26 giugno\",\"datePublished\":\"2026-07-02T09:00:32+00:00\",\"dateModified\":\"2026-07-02T09:13:35+00:00\",\"mainEntityOfPage\":{\"@id\":\"https:\\\/\\\/www.unesco.it\\\/it\\\/news\\\/leggere-i-siti-unesco-al-centro-dellincontro-tra-cepell-e-delegazione-cinese-torino-26-giugno\\\/\"},\"wordCount\":304,\"publisher\":{\"@id\":\"https:\\\/\\\/www.unesco.it\\\/it\\\/#organization\"},\"image\":{\"@id\":\"https:\\\/\\\/www.unesco.it\\\/it\\\/news\\\/leggere-i-siti-unesco-al-centro-dellincontro-tra-cepell-e-delegazione-cinese-torino-26-giugno\\\/#primaryimage\"},\"thumbnailUrl\":\"https:\\\/\\\/www.unesco.it\\\/wp-content\\\/uploads\\\/2026\\\/07\\\/News_Cepell.jpeg\",\"articleSection\":[\"Non categorizzato\"],\"inLanguage\":\"it-IT\"},{\"@type\":\"WebPage\",\"@id\":\"https:\\\/\\\/www.unesco.it\\\/it\\\/news\\\/leggere-i-siti-unesco-al-centro-dellincontro-tra-cepell-e-delegazione-cinese-torino-26-giugno\\\/\",\"url\":\"https:\\\/\\\/www.unesco.it\\\/it\\\/news\\\/leggere-i-siti-unesco-al-centro-dellincontro-tra-cepell-e-delegazione-cinese-torino-26-giugno\\\/\",\"name\":\"Leggere i siti UNESCO al centro dell'incontro tra CEPELL e delegazione cinese - Torino, 26 giugno - Unesco Commissione Nazionale Italiana per l&#039;Unesco\",\"isPartOf\":{\"@id\":\"https:\\\/\\\/www.unesco.it\\\/it\\\/#website\"},\"primaryImageOfPage\":{\"@id\":\"https:\\\/\\\/www.unesco.it\\\/it\\\/news\\\/leggere-i-siti-unesco-al-centro-dellincontro-tra-cepell-e-delegazione-cinese-torino-26-giugno\\\/#primaryimage\"},\"image\":{\"@id\":\"https:\\\/\\\/www.unesco.it\\\/it\\\/news\\\/leggere-i-siti-unesco-al-centro-dellincontro-tra-cepell-e-delegazione-cinese-torino-26-giugno\\\/#primaryimage\"},\"thumbnailUrl\":\"https:\\\/\\\/www.unesco.it\\\/wp-content\\\/uploads\\\/2026\\\/07\\\/News_Cepell.jpeg\",\"datePublished\":\"2026-07-02T09:00:32+00:00\",\"dateModified\":\"2026-07-02T09:13:35+00:00\",\"inLanguage\":\"it-IT\",\"potentialAction\":[{\"@type\":\"ReadAction\",\"target\":[\"https:\\\/\\\/www.unesco.it\\\/it\\\/news\\\/leggere-i-siti-unesco-al-centro-dellincontro-tra-cepell-e-delegazione-cinese-torino-26-giugno\\\/\"]}]},{\"@type\":\"ImageObject\",\"inLanguage\":\"it-IT\",\"@id\":\"https:\\\/\\\/www.unesco.it\\\/it\\\/news\\\/leggere-i-siti-unesco-al-centro-dellincontro-tra-cepell-e-delegazione-cinese-torino-26-giugno\\\/#primaryimage\",\"url\":\"https:\\\/\\\/www.unesco.it\\\/wp-content\\\/uploads\\\/2026\\\/07\\\/News_Cepell.jpeg\",\"contentUrl\":\"https:\\\/\\\/www.unesco.it\\\/wp-content\\\/uploads\\\/2026\\\/07\\\/News_Cepell.jpeg\",\"width\":1920,\"height\":1440},{\"@type\":\"WebSite\",\"@id\":\"https:\\\/\\\/www.unesco.it\\\/it\\\/#website\",\"url\":\"https:\\\/\\\/www.unesco.it\\\/it\\\/\",\"name\":\"Unesco Commissione Nazionale Italiana per l&#039;Unesco\",\"description\":\"Favorire la promozione, il collegamento, l\u2019informazione, la consultazione e l\u2019esecuzione dei programmi UNESCO in Italia\",\"publisher\":{\"@id\":\"https:\\\/\\\/www.unesco.it\\\/it\\\/#organization\"},\"potentialAction\":[{\"@type\":\"SearchAction\",\"target\":{\"@type\":\"EntryPoint\",\"urlTemplate\":\"https:\\\/\\\/www.unesco.it\\\/it\\\/?s={search_term_string}\"},\"query-input\":{\"@type\":\"PropertyValueSpecification\",\"valueRequired\":true,\"valueName\":\"search_term_string\"}}],\"inLanguage\":\"it-IT\"},{\"@type\":\"Organization\",\"@id\":\"https:\\\/\\\/www.unesco.it\\\/it\\\/#organization\",\"name\":\"Unesco Commissione Nazionale Italiana per l'Unesco\",\"url\":\"https:\\\/\\\/www.unesco.it\\\/it\\\/\",\"logo\":{\"@type\":\"ImageObject\",\"inLanguage\":\"it-IT\",\"@id\":\"https:\\\/\\\/www.unesco.it\\\/it\\\/#\\\/schema\\\/logo\\\/image\\\/\",\"url\":\"https:\\\/\\\/www.unesco.it\\\/wp-content\\\/uploads\\\/2023\\\/12\\\/logo-unesco-2x.webp\",\"contentUrl\":\"https:\\\/\\\/www.unesco.it\\\/wp-content\\\/uploads\\\/2023\\\/12\\\/logo-unesco-2x.webp\",\"width\":200,\"height\":173,\"caption\":\"Unesco Commissione Nazionale Italiana per l'Unesco\"},\"image\":{\"@id\":\"https:\\\/\\\/www.unesco.it\\\/it\\\/#\\\/schema\\\/logo\\\/image\\\/\"},\"sameAs\":[\"https:\\\/\\\/www.facebook.com\\\/CNIUnesco\\\/\",\"https:\\\/\\\/x.com\\\/cni_unesco\",\"https:\\\/\\\/www.instagram.com\\\/cni_unesco\\\/\",\"https:\\\/\\\/www.youtube.com\\\/user\\\/unesco\"]},{\"@type\":\"Person\",\"@id\":\"https:\\\/\\\/www.unesco.it\\\/it\\\/#\\\/schema\\\/person\\\/f785eeccb6e6c7bf00aa7f99441b8e32\",\"name\":\"Alessandro Giardini\",\"image\":{\"@type\":\"ImageObject\",\"inLanguage\":\"it-IT\",\"@id\":\"https:\\\/\\\/secure.gravatar.com\\\/avatar\\\/1340c2f0e15e9d08ae0c81831b8a40f3d2f3d97a7a4fe8b92db342b82f095392?s=96&d=mm&r=g\",\"url\":\"https:\\\/\\\/secure.gravatar.com\\\/avatar\\\/1340c2f0e15e9d08ae0c81831b8a40f3d2f3d97a7a4fe8b92db342b82f095392?s=96&d=mm&r=g\",\"contentUrl\":\"https:\\\/\\\/secure.gravatar.com\\\/avatar\\\/1340c2f0e15e9d08ae0c81831b8a40f3d2f3d97a7a4fe8b92db342b82f095392?s=96&d=mm&r=g\",\"caption\":\"Alessandro Giardini\"}}]}<\/script>\n<!-- \/ Yoast SEO plugin. -->","yoast_head_json":{"title":"Leggere i siti UNESCO al centro dell'incontro tra CEPELL e delegazione cinese - Torino, 26 giugno - Unesco Commissione Nazionale Italiana per l&#039;Unesco","robots":{"index":"index","follow":"follow","max-snippet":"max-snippet:-1","max-image-preview":"max-image-preview:large","max-video-preview":"max-video-preview:-1"},"canonical":"https:\/\/www.unesco.it\/it\/news\/leggere-i-siti-unesco-al-centro-dellincontro-tra-cepell-e-delegazione-cinese-torino-26-giugno\/","og_locale":"it_IT","og_type":"article","og_title":"Leggere i siti UNESCO al centro dell'incontro tra CEPELL e delegazione cinese - Torino, 26 giugno - Unesco Commissione Nazionale Italiana per l&#039;Unesco","og_description":"L&#8217;iniziativa Leggere i siti del patrimonio UNESCO in Italia, nata da un&#8217;idea della Commissione Nazionale Italiana per l&#8217;UNESCO e realizzato dal Centro per il libro e la lettura con il sostegno del Ministero della Cultura, \u00e8 stata al centro di un proficuo incontro svoltasi lo scorso 26 giugno a Torino tra il Centro per il [&hellip;]","og_url":"https:\/\/www.unesco.it\/it\/news\/leggere-i-siti-unesco-al-centro-dellincontro-tra-cepell-e-delegazione-cinese-torino-26-giugno\/","og_site_name":"Unesco Commissione Nazionale Italiana per l&#039;Unesco","article_publisher":"https:\/\/www.facebook.com\/CNIUnesco\/","article_published_time":"2026-07-02T09:00:32+00:00","article_modified_time":"2026-07-02T09:13:35+00:00","og_image":[{"width":1920,"height":1440,"url":"https:\/\/www.unesco.it\/wp-content\/uploads\/2026\/07\/News_Cepell.jpeg","type":"image\/jpeg"}],"author":"Alessandro Giardini","twitter_card":"summary_large_image","twitter_creator":"@cni_unesco","twitter_site":"@cni_unesco","twitter_misc":{"Scritto da":"Alessandro Giardini","Tempo di lettura stimato":"2 minuti"},"schema":{"@context":"https:\/\/schema.org","@graph":[{"@type":"Article","@id":"https:\/\/www.unesco.it\/it\/news\/leggere-i-siti-unesco-al-centro-dellincontro-tra-cepell-e-delegazione-cinese-torino-26-giugno\/#article","isPartOf":{"@id":"https:\/\/www.unesco.it\/it\/news\/leggere-i-siti-unesco-al-centro-dellincontro-tra-cepell-e-delegazione-cinese-torino-26-giugno\/"},"author":{"name":"Alessandro Giardini","@id":"https:\/\/www.unesco.it\/it\/#\/schema\/person\/f785eeccb6e6c7bf00aa7f99441b8e32"},"headline":"Leggere i siti UNESCO al centro dell&#8217;incontro tra CEPELL e delegazione cinese &#8211; Torino, 26 giugno","datePublished":"2026-07-02T09:00:32+00:00","dateModified":"2026-07-02T09:13:35+00:00","mainEntityOfPage":{"@id":"https:\/\/www.unesco.it\/it\/news\/leggere-i-siti-unesco-al-centro-dellincontro-tra-cepell-e-delegazione-cinese-torino-26-giugno\/"},"wordCount":304,"publisher":{"@id":"https:\/\/www.unesco.it\/it\/#organization"},"image":{"@id":"https:\/\/www.unesco.it\/it\/news\/leggere-i-siti-unesco-al-centro-dellincontro-tra-cepell-e-delegazione-cinese-torino-26-giugno\/#primaryimage"},"thumbnailUrl":"https:\/\/www.unesco.it\/wp-content\/uploads\/2026\/07\/News_Cepell.jpeg","articleSection":["Non categorizzato"],"inLanguage":"it-IT"},{"@type":"WebPage","@id":"https:\/\/www.unesco.it\/it\/news\/leggere-i-siti-unesco-al-centro-dellincontro-tra-cepell-e-delegazione-cinese-torino-26-giugno\/","url":"https:\/\/www.unesco.it\/it\/news\/leggere-i-siti-unesco-al-centro-dellincontro-tra-cepell-e-delegazione-cinese-torino-26-giugno\/","name":"Leggere i siti UNESCO al centro dell'incontro tra CEPELL e delegazione cinese - Torino, 26 giugno - Unesco Commissione Nazionale Italiana per l&#039;Unesco","isPartOf":{"@id":"https:\/\/www.unesco.it\/it\/#website"},"primaryImageOfPage":{"@id":"https:\/\/www.unesco.it\/it\/news\/leggere-i-siti-unesco-al-centro-dellincontro-tra-cepell-e-delegazione-cinese-torino-26-giugno\/#primaryimage"},"image":{"@id":"https:\/\/www.unesco.it\/it\/news\/leggere-i-siti-unesco-al-centro-dellincontro-tra-cepell-e-delegazione-cinese-torino-26-giugno\/#primaryimage"},"thumbnailUrl":"https:\/\/www.unesco.it\/wp-content\/uploads\/2026\/07\/News_Cepell.jpeg","datePublished":"2026-07-02T09:00:32+00:00","dateModified":"2026-07-02T09:13:35+00:00","inLanguage":"it-IT","potentialAction":[{"@type":"ReadAction","target":["https:\/\/www.unesco.it\/it\/news\/leggere-i-siti-unesco-al-centro-dellincontro-tra-cepell-e-delegazione-cinese-torino-26-giugno\/"]}]},{"@type":"ImageObject","inLanguage":"it-IT","@id":"https:\/\/www.unesco.it\/it\/news\/leggere-i-siti-unesco-al-centro-dellincontro-tra-cepell-e-delegazione-cinese-torino-26-giugno\/#primaryimage","url":"https:\/\/www.unesco.it\/wp-content\/uploads\/2026\/07\/News_Cepell.jpeg","contentUrl":"https:\/\/www.unesco.it\/wp-content\/uploads\/2026\/07\/News_Cepell.jpeg","width":1920,"height":1440},{"@type":"WebSite","@id":"https:\/\/www.unesco.it\/it\/#website","url":"https:\/\/www.unesco.it\/it\/","name":"Unesco Commissione Nazionale Italiana per l&#039;Unesco","description":"Favorire la promozione, il collegamento, l\u2019informazione, la consultazione e l\u2019esecuzione dei programmi UNESCO in Italia","publisher":{"@id":"https:\/\/www.unesco.it\/it\/#organization"},"potentialAction":[{"@type":"SearchAction","target":{"@type":"EntryPoint","urlTemplate":"https:\/\/www.unesco.it\/it\/?s={search_term_string}"},"query-input":{"@type":"PropertyValueSpecification","valueRequired":true,"valueName":"search_term_string"}}],"inLanguage":"it-IT"},{"@type":"Organization","@id":"https:\/\/www.unesco.it\/it\/#organization","name":"Unesco Commissione Nazionale Italiana per l'Unesco","url":"https:\/\/www.unesco.it\/it\/","logo":{"@type":"ImageObject","inLanguage":"it-IT","@id":"https:\/\/www.unesco.it\/it\/#\/schema\/logo\/image\/","url":"https:\/\/www.unesco.it\/wp-content\/uploads\/2023\/12\/logo-unesco-2x.webp","contentUrl":"https:\/\/www.unesco.it\/wp-content\/uploads\/2023\/12\/logo-unesco-2x.webp","width":200,"height":173,"caption":"Unesco Commissione Nazionale Italiana per l'Unesco"},"image":{"@id":"https:\/\/www.unesco.it\/it\/#\/schema\/logo\/image\/"},"sameAs":["https:\/\/www.facebook.com\/CNIUnesco\/","https:\/\/x.com\/cni_unesco","https:\/\/www.instagram.com\/cni_unesco\/","https:\/\/www.youtube.com\/user\/unesco"]},{"@type":"Person","@id":"https:\/\/www.unesco.it\/it\/#\/schema\/person\/f785eeccb6e6c7bf00aa7f99441b8e32","name":"Alessandro Giardini","image":{"@type":"ImageObject","inLanguage":"it-IT","@id":"https:\/\/secure.gravatar.com\/avatar\/1340c2f0e15e9d08ae0c81831b8a40f3d2f3d97a7a4fe8b92db342b82f095392?s=96&d=mm&r=g","url":"https:\/\/secure.gravatar.com\/avatar\/1340c2f0e15e9d08ae0c81831b8a40f3d2f3d97a7a4fe8b92db342b82f095392?s=96&d=mm&r=g","contentUrl":"https:\/\/secure.gravatar.com\/avatar\/1340c2f0e15e9d08ae0c81831b8a40f3d2f3d97a7a4fe8b92db342b82f095392?s=96&d=mm&r=g","caption":"Alessandro Giardini"}}]}},"_links":{"self":[{"href":"https:\/\/www.unesco.it\/it\/wp-json\/wp\/v2\/posts\/20968","targetHints":{"allow":["GET"]}}],"collection":[{"href":"https:\/\/www.unesco.it\/it\/wp-json\/wp\/v2\/posts"}],"about":[{"href":"https:\/\/www.unesco.it\/it\/wp-json\/wp\/v2\/types\/post"}],"author":[{"embeddable":true,"href":"https:\/\/www.unesco.it\/it\/wp-json\/wp\/v2\/users\/8"}],"replies":[{"embeddable":true,"href":"https:\/\/www.unesco.it\/it\/wp-json\/wp\/v2\/comments?post=20968"}],"version-history":[{"count":2,"href":"https:\/\/www.unesco.it\/it\/wp-json\/wp\/v2\/posts\/20968\/revisions"}],"predecessor-version":[{"id":20972,"href":"https:\/\/www.unesco.it\/it\/wp-json\/wp\/v2\/posts\/20968\/revisions\/20972"}],"wp:featuredmedia":[{"embeddable":true,"href":"https:\/\/www.unesco.it\/it\/wp-json\/wp\/v2\/media\/20969"}],"wp:attachment":[{"href":"https:\/\/www.unesco.it\/it\/wp-json\/wp\/v2\/media?parent=20968"}],"wp:term":[{"taxonomy":"category","embeddable":true,"href":"https:\/\/www.unesco.it\/it\/wp-json\/wp\/v2\/categories?post=20968"},{"taxonomy":"post_tag","embeddable":true,"href":"https:\/\/www.unesco.it\/it\/wp-json\/wp\/v2\/tags?post=20968"}],"curies":[{"name":"wp","href":"https:\/\/api.w.org\/{rel}","templated":true}]}}